{"id":2689,"date":"2025-02-27T11:51:16","date_gmt":"2025-02-27T11:51:16","guid":{"rendered":"https:\/\/doofe-ohren.de\/?p=2689"},"modified":"2025-02-27T11:51:16","modified_gmt":"2025-02-27T11:51:16","slug":"veranstaltungen-von-und-mit-doofe-ohren","status":"publish","type":"post","link":"https:\/\/doofe-ohren.de\/index.php\/2025\/02\/27\/veranstaltungen-von-und-mit-doofe-ohren\/","title":{"rendered":"Veranstaltungen von und mit Doofe Ohren"},"content":{"rendered":"\n<p>Aufmerksame Leser werden bemerkt haben, dass es momentan nicht so viele neue Artikel gibt. Wir sind nat\u00fcrlich wie immer nicht faul hinter den Kulissen, allerdings gibt es momentan einige spannende Aktivit\u00e4ten ausserhalb des Blogs.<\/p>\n\n\n\n<p>Dieses Fr\u00fchjahr\/Sommer ist Doofe Ohren viel besch\u00e4ftigt mit Veranstaltungen. Aus diesem Grund haben wir einen neuen Men\u00fcpunkt &#8222;Veranstaltungen&#8220; auf unserer Webseite, wo du nach Datum geordnet immer alle Veranstaltungen findest. Die, die noch kommen, mit Anmeldungsinformationen und die, die schon waren mit Berichten und Unterrichtsmaterialien.<\/p>\n\n\n\n<p>Hier ein kleiner \u00dcberblick der kommenden Veranstaltungen:<\/p>\n\n\n\n<ul class=\"wp-block-list\">\n<li><a href=\"https:\/\/doofe-ohren.de\/index.php\/veranstaltungen\/14-03-2025-tag-und-nacht-der-hoergesundheit-in-koeln\/\">14.03.2025: Tag und Nacht der H\u00f6rgesundheit in K\u00f6ln<\/a> (Zielgruppe: Akustiker)<\/li>\n\n\n\n<li><a href=\"https:\/\/doofe-ohren.de\/index.php\/veranstaltungen\/08-04-2025-15-07-2025-fortbildungsreihe-veranstaltungen-inklusiv-gestalten\/\">08.04.2025 (Info-Abend) \/ 15.07.2025 (Termin \u00fcber Schwerh\u00f6rigkeit) Fortbildungsreihe: Veranstaltungen inklusiv gestalten<\/a> (Zielgruppe: Menschen die Veranstaltungen machen und diese f\u00fcr Menschen mit Behinderungen zug\u00e4nglich machen m\u00f6chten)<\/li>\n\n\n\n<li><a href=\"https:\/\/doofe-ohren.de\/index.php\/veranstaltungen\/14-21-07-2025-webinar-als-junger-mensch-mit-schwerhoerigkeit-klar-kommen\/\">14. + 21.07.2025 Webinar: Als junger Mensch mit Schwerh\u00f6rigkeit klar kommen<\/a> (Zielgruppe: junge und jung gebliebene Menschen mit Schwerh\u00f6rigkeit)<\/li>\n\n\n\n<li><a href=\"https:\/\/doofe-ohren.de\/index.php\/veranstaltungen\/16-06-2025-webinar-digital-besser-verstehen\/\">16.06.2025 Webinar: Digital Besser Verstehen<\/a> (Zielgruppe: Menschen mit Schwerh\u00f6rigkeit)<\/li>\n<\/ul>\n\n\n\n<p>Informationen und Materialien von vergangenen Veranstaltungen:<\/p>\n\n\n\n<ul class=\"wp-block-list\">\n<li><a href=\"https:\/\/doofe-ohren.de\/index.php\/veranstaltungen\/03-02-2025-webinar-airpods-als-hoergeraete\/\">03.02.2025 Webinar: Airpods als H\u00f6rger\u00e4te<\/a><\/li>\n<\/ul>\n\n\n\n<p><\/p>\n","protected":false},"excerpt":{"rendered":"<p>Aufmerksame Leser werden bemerkt haben, dass es momentan nicht so viele neue Artikel gibt. Wir sind nat\u00fcrlich wie immer nicht faul hinter den Kulissen, allerdings gibt es momentan einige spannende Aktivit\u00e4ten ausserhalb des Blogs. Dieses Fr\u00fchjahr\/Sommer ist Doofe Ohren viel &hellip; <a href=\"https:\/\/doofe-ohren.de\/index.php\/2025\/02\/27\/veranstaltungen-von-und-mit-doofe-ohren\/\">Weiterlesen <span class=\"meta-nav\">&rarr;<\/span><\/a><\/p>\n","protected":false},"author":2,"featured_media":0,"comment_status":"open","ping_status":"open","sticky":false,"template":"","format":"standard","meta":{"footnotes":""},"categories":[18,42],"tags":[],"class_list":["post-2689","post","type-post","status-publish","format-standard","hentry","category-in-eigener-sache","category-veranstaltungen"],"_links":{"self":[{"href":"https:\/\/doofe-ohren.de\/index.php\/wp-json\/wp\/v2\/posts\/2689","targetHints":{"allow":["GET"]}}],"collection":[{"href":"https:\/\/doofe-ohren.de\/index.php\/wp-json\/wp\/v2\/posts"}],"about":[{"href":"https:\/\/doofe-ohren.de\/index.php\/wp-json\/wp\/v2\/types\/post"}],"author":[{"embeddable":true,"href":"https:\/\/doofe-ohren.de\/index.php\/wp-json\/wp\/v2\/users\/2"}],"replies":[{"embeddable":true,"href":"https:\/\/doofe-ohren.de\/index.php\/wp-json\/wp\/v2\/comments?post=2689"}],"version-history":[{"count":3,"href":"https:\/\/doofe-ohren.de\/index.php\/wp-json\/wp\/v2\/posts\/2689\/revisions"}],"predecessor-version":[{"id":2695,"href":"https:\/\/doofe-ohren.de\/index.php\/wp-json\/wp\/v2\/posts\/2689\/revisions\/2695"}],"wp:attachment":[{"href":"https:\/\/doofe-ohren.de\/index.php\/wp-json\/wp\/v2\/media?parent=2689"}],"wp:term":[{"taxonomy":"category","embeddable":true,"href":"https:\/\/doofe-ohren.de\/index.php\/wp-json\/wp\/v2\/categories?post=2689"},{"taxonomy":"post_tag","embeddable":true,"href":"https:\/\/doofe-ohren.de\/index.php\/wp-json\/wp\/v2\/tags?post=2689"}],"curies":[{"name":"wp","href":"https:\/\/api.w.org\/{rel}","templated":true}]}}